{"id":2263,"date":"2025-07-07T11:22:36","date_gmt":"2025-07-07T11:22:36","guid":{"rendered":"https:\/\/almealera.org\/?p=2263"},"modified":"2025-07-07T12:13:23","modified_gmt":"2025-07-07T12:13:23","slug":"navaredonda-de-gredos","status":"publish","type":"post","link":"https:\/\/almealera.org\/index.php\/2025\/07\/07\/navaredonda-de-gredos\/","title":{"rendered":"NAVAREDONDA DE GREDOS"},"content":{"rendered":"\t\t<div data-elementor-type=\"wp-post\" data-elementor-id=\"2263\" class=\"elementor elementor-2263\" data-elementor-post-type=\"post\">\n\t\t\t\t\t\t\t<div class=\"elementor-element elementor-element-e02a745 e-con-full e-flex e-con e-parent\" data-id=\"e02a745\" data-element_type=\"container\" data-settings=\"{&quot;content_width&quot;:&quot;full&quot;}\" data-core-v316-plus=\"true\">\n\t\t\t\t<div class=\"elementor-element elementor-element-f83719d elementor-widget elementor-widget-heading\" data-id=\"f83719d\" data-element_type=\"widget\" data-widget_type=\"heading.default\">\n\t\t\t\t<div class=\"elementor-widget-container\">\n\t\t\t<style>\/*! elementor - v3.17.0 - 08-11-2023 *\/\n.elementor-heading-title{padding:0;margin:0;line-height:1}.elementor-widget-heading .elementor-heading-title[class*=elementor-size-]>a{color:inherit;font-size:inherit;line-height:inherit}.elementor-widget-heading .elementor-heading-title.elementor-size-small{font-size:15px}.elementor-widget-heading .elementor-heading-title.elementor-size-medium{font-size:19px}.elementor-widget-heading .elementor-heading-title.elementor-size-large{font-size:29px}.elementor-widget-heading .elementor-heading-title.elementor-size-xl{font-size:39px}.elementor-widget-heading .elementor-heading-title.elementor-size-xxl{font-size:59px}<\/style><h2 class=\"elementor-heading-title elementor-size-large\"><a href=\"https:\/\/almealera.org\/index.php\/2023\/12\/12\/contado-por-nosotras\/\">NAVARREDONDA DE GREDOS<\/a><\/h2>\t\t<\/div>\n\t\t\t\t<\/div>\n\t\t\t\t<\/div>\n\t\t<div class=\"elementor-element elementor-element-b63fd38 e-con-full e-flex e-con e-parent\" data-id=\"b63fd38\" data-element_type=\"container\" data-settings=\"{&quot;content_width&quot;:&quot;full&quot;}\" data-core-v316-plus=\"true\">\n\t\t<div class=\"elementor-element elementor-element-4d15156 e-con-full e-flex e-con e-child\" data-id=\"4d15156\" data-element_type=\"container\" data-settings=\"{&quot;content_width&quot;:&quot;full&quot;}\">\n\t\t\t\t<\/div>\n\t\t<div class=\"elementor-element elementor-element-52338c8 e-con-full e-flex e-con e-child\" data-id=\"52338c8\" data-element_type=\"container\" data-settings=\"{&quot;content_width&quot;:&quot;full&quot;}\">\n\t\t\t\t<div class=\"elementor-element elementor-element-513a089 elementor-widget elementor-widget-text-editor\" data-id=\"513a089\" data-element_type=\"widget\" data-widget_type=\"text-editor.default\">\n\t\t\t\t<div class=\"elementor-widget-container\">\n\t\t\t<style>\/*! elementor - v3.17.0 - 08-11-2023 *\/\n.elementor-widget-text-editor.elementor-drop-cap-view-stacked .elementor-drop-cap{background-color:#69727d;color:#fff}.elementor-widget-text-editor.elementor-drop-cap-view-framed .elementor-drop-cap{color:#69727d;border:3px solid;background-color:transparent}.elementor-widget-text-editor:not(.elementor-drop-cap-view-default) .elementor-drop-cap{margin-top:8px}.elementor-widget-text-editor:not(.elementor-drop-cap-view-default) .elementor-drop-cap-letter{width:1em;height:1em}.elementor-widget-text-editor .elementor-drop-cap{float:left;text-align:center;line-height:1;font-size:50px}.elementor-widget-text-editor .elementor-drop-cap-letter{display:inline-block}<\/style>\t\t\t\t<p>Esta ruta de los lugares donde nos junt\u00e1bamos es una manera diferente de contar nuestro pueblo. Nace de un taller que realizamos en septiembre de 2024, durante el cual, personas de veinte a noventa y cuatro a\u00f1os, sobre todo mujeres, compartimos recuerdos sobre los lugares de uso p\u00fablico en Navarredonda y Barajas. <br \/>Nos centramos en los espacios que nos juntaban; para trabajar, para hacer tareas comunitarias, para disfrutar, para celebrar&#8230; Elegimos diez espacios que puedes ver marcados en el mapa. Te proponemos hacer este recorrido. Al llegar a cada punto, busca una loseta de cer\u00e1mica. En ella ver\u00e1s una foto de nuestros \u00e1lbumes familiares y podr\u00e1s leer una peque\u00f1a historia sobre nuestras vivencias en ese lugar.<br \/>Que disfrutes del paseo.<\/p>\t\t\t\t\t\t<\/div>\n\t\t\t\t<\/div>\n\t\t\t\t<\/div>\n\t\t<div class=\"elementor-element elementor-element-9fcfa18 e-con-full e-flex e-con e-child\" data-id=\"9fcfa18\" data-element_type=\"container\" data-settings=\"{&quot;content_width&quot;:&quot;full&quot;}\">\n\t\t\t\t<\/div>\n\t\t\t\t<\/div>\n\t\t<div class=\"elementor-element elementor-element-53ebeb8 e-flex e-con-boxed e-con e-parent\" data-id=\"53ebeb8\" data-element_type=\"container\" data-settings=\"{&quot;content_width&quot;:&quot;boxed&quot;}\" data-core-v316-plus=\"true\">\n\t\t\t\t\t<div class=\"e-con-inner\">\n\t\t\t\t<div class=\"elementor-element elementor-element-e6b5ded elementor-widget elementor-widget-image-gallery\" data-id=\"e6b5ded\" data-element_type=\"widget\" data-widget_type=\"image-gallery.default\">\n\t\t\t\t<div class=\"elementor-widget-container\">\n\t\t\t<style>\/*! elementor - v3.17.0 - 08-11-2023 *\/\n.elementor-image-gallery .gallery-item{display:inline-block;text-align:center;vertical-align:top;width:100%;max-width:100%;margin:0 auto}.elementor-image-gallery .gallery-item img{margin:0 auto}.elementor-image-gallery .gallery-item .gallery-caption{margin:0}.elementor-image-gallery figure img{display:block}.elementor-image-gallery figure figcaption{width:100%}.gallery-spacing-custom .elementor-image-gallery .gallery-icon{padding:0}@media (min-width:768px){.elementor-image-gallery .gallery-columns-2 .gallery-item{max-width:50%}.elementor-image-gallery .gallery-columns-3 .gallery-item{max-width:33.33%}.elementor-image-gallery .gallery-columns-4 .gallery-item{max-width:25%}.elementor-image-gallery .gallery-columns-5 .gallery-item{max-width:20%}.elementor-image-gallery .gallery-columns-6 .gallery-item{max-width:16.666%}.elementor-image-gallery .gallery-columns-7 .gallery-item{max-width:14.28%}.elementor-image-gallery .gallery-columns-8 .gallery-item{max-width:12.5%}.elementor-image-gallery .gallery-columns-9 .gallery-item{max-width:11.11%}.elementor-image-gallery .gallery-columns-10 .gallery-item{max-width:10%}}@media (min-width:480px) and (max-width:767px){.elementor-image-gallery .gallery.gallery-columns-2 .gallery-item,.elementor-image-gallery .gallery.gallery-columns-3 .gallery-item,.elementor-image-gallery .gallery.gallery-columns-4 .gallery-item,.elementor-image-gallery .gallery.gallery-columns-5 .gallery-item,.elementor-image-gallery .gallery.gallery-columns-6 .gallery-item,.elementor-image-gallery .gallery.gallery-columns-7 .gallery-item,.elementor-image-gallery .gallery.gallery-columns-8 .gallery-item,.elementor-image-gallery .gallery.gallery-columns-9 .gallery-item,.elementor-image-gallery .gallery.gallery-columns-10 .gallery-item{max-width:50%}}@media (max-width:479px){.elementor-image-gallery .gallery.gallery-columns-2 .gallery-item,.elementor-image-gallery .gallery.gallery-columns-3 .gallery-item,.elementor-image-gallery .gallery.gallery-columns-4 .gallery-item,.elementor-image-gallery .gallery.gallery-columns-5 .gallery-item,.elementor-image-gallery .gallery.gallery-columns-6 .gallery-item,.elementor-image-gallery .gallery.gallery-columns-7 .gallery-item,.elementor-image-gallery .gallery.gallery-columns-8 .gallery-item,.elementor-image-gallery .gallery.gallery-columns-9 .gallery-item,.elementor-image-gallery .gallery.gallery-columns-10 .gallery-item{max-width:100%}}<\/style>\t\t<div class=\"elementor-image-gallery\">\n\t\t\t<div id='gallery-1' class='gallery galleryid-2263 gallery-columns-4 gallery-size-full'><dl class='gallery-item'>\n\t\t\t<dt class='gallery-icon landscape'>\n\t\t\t\t<a data-elementor-open-lightbox=\"yes\" data-elementor-lightbox-slideshow=\"e6b5ded\" data-elementor-lightbox-title=\"4. El r\u00edo\" data-e-action-hash=\"#elementor-action%3Aaction%3Dlightbox%26settings%3DeyJpZCI6MjI5MCwidXJsIjoiaHR0cHM6XC9cL2FsbWVhbGVyYS5vcmdcL3dwLWNvbnRlbnRcL3VwbG9hZHNcLzIwMjVcLzA3XC80Li1FbC1yaW8uanBnIiwic2xpZGVzaG93IjoiZTZiNWRlZCJ9\" href='https:\/\/almealera.org\/wp-content\/uploads\/2025\/07\/4.-El-rio.jpg'><img fetchpriority=\"high\" decoding=\"async\" width=\"2480\" height=\"2480\" src=\"https:\/\/almealera.org\/wp-content\/uploads\/2025\/07\/4.-El-rio.jpg\" class=\"attachment-full size-full\" alt=\"\" srcset=\"https:\/\/almealera.org\/wp-content\/uploads\/2025\/07\/4.-El-rio.jpg 2480w, https:\/\/almealera.org\/wp-content\/uploads\/2025\/07\/4.-El-rio-300x300.jpg 300w, https:\/\/almealera.org\/wp-content\/uploads\/2025\/07\/4.-El-rio-1024x1024.jpg 1024w, https:\/\/almealera.org\/wp-content\/uploads\/2025\/07\/4.-El-rio-150x150.jpg 150w, https:\/\/almealera.org\/wp-content\/uploads\/2025\/07\/4.-El-rio-768x768.jpg 768w, https:\/\/almealera.org\/wp-content\/uploads\/2025\/07\/4.-El-rio-1536x1536.jpg 1536w, https:\/\/almealera.org\/wp-content\/uploads\/2025\/07\/4.-El-rio-2048x2048.jpg 2048w\" sizes=\"(max-width: 2480px) 100vw, 2480px\" \/><\/a>\n\t\t\t<\/dt><\/dl><dl class='gallery-item'>\n\t\t\t<dt class='gallery-icon landscape'>\n\t\t\t\t<a data-elementor-open-lightbox=\"yes\" data-elementor-lightbox-slideshow=\"e6b5ded\" data-elementor-lightbox-title=\"9. Al resolano\" data-e-action-hash=\"#elementor-action%3Aaction%3Dlightbox%26settings%3DeyJpZCI6MjI5MywidXJsIjoiaHR0cHM6XC9cL2FsbWVhbGVyYS5vcmdcL3dwLWNvbnRlbnRcL3VwbG9hZHNcLzIwMjVcLzA3XC85Li1BbC1yZXNvbGFuby5qcGciLCJzbGlkZXNob3ciOiJlNmI1ZGVkIn0%3D\" href='https:\/\/almealera.org\/wp-content\/uploads\/2025\/07\/9.-Al-resolano.jpg'><img decoding=\"async\" width=\"2480\" height=\"2480\" src=\"https:\/\/almealera.org\/wp-content\/uploads\/2025\/07\/9.-Al-resolano.jpg\" class=\"attachment-full size-full\" alt=\"\" srcset=\"https:\/\/almealera.org\/wp-content\/uploads\/2025\/07\/9.-Al-resolano.jpg 2480w, https:\/\/almealera.org\/wp-content\/uploads\/2025\/07\/9.-Al-resolano-300x300.jpg 300w, https:\/\/almealera.org\/wp-content\/uploads\/2025\/07\/9.-Al-resolano-1024x1024.jpg 1024w, https:\/\/almealera.org\/wp-content\/uploads\/2025\/07\/9.-Al-resolano-150x150.jpg 150w, https:\/\/almealera.org\/wp-content\/uploads\/2025\/07\/9.-Al-resolano-768x768.jpg 768w, https:\/\/almealera.org\/wp-content\/uploads\/2025\/07\/9.-Al-resolano-1536x1536.jpg 1536w, https:\/\/almealera.org\/wp-content\/uploads\/2025\/07\/9.-Al-resolano-2048x2048.jpg 2048w\" sizes=\"(max-width: 2480px) 100vw, 2480px\" \/><\/a>\n\t\t\t<\/dt><\/dl><dl class='gallery-item'>\n\t\t\t<dt class='gallery-icon landscape'>\n\t\t\t\t<a data-elementor-open-lightbox=\"yes\" data-elementor-lightbox-slideshow=\"e6b5ded\" data-elementor-lightbox-title=\"10. La Nava\" data-e-action-hash=\"#elementor-action%3Aaction%3Dlightbox%26settings%3DeyJpZCI6MjI5NCwidXJsIjoiaHR0cHM6XC9cL2FsbWVhbGVyYS5vcmdcL3dwLWNvbnRlbnRcL3VwbG9hZHNcLzIwMjVcLzA3XC8xMC4tTGEtTmF2YS5qcGciLCJzbGlkZXNob3ciOiJlNmI1ZGVkIn0%3D\" href='https:\/\/almealera.org\/wp-content\/uploads\/2025\/07\/10.-La-Nava.jpg'><img decoding=\"async\" width=\"2480\" height=\"2480\" src=\"https:\/\/almealera.org\/wp-content\/uploads\/2025\/07\/10.-La-Nava.jpg\" class=\"attachment-full size-full\" alt=\"\" srcset=\"https:\/\/almealera.org\/wp-content\/uploads\/2025\/07\/10.-La-Nava.jpg 2480w, https:\/\/almealera.org\/wp-content\/uploads\/2025\/07\/10.-La-Nava-300x300.jpg 300w, https:\/\/almealera.org\/wp-content\/uploads\/2025\/07\/10.-La-Nava-1024x1024.jpg 1024w, https:\/\/almealera.org\/wp-content\/uploads\/2025\/07\/10.-La-Nava-150x150.jpg 150w, https:\/\/almealera.org\/wp-content\/uploads\/2025\/07\/10.-La-Nava-768x768.jpg 768w, https:\/\/almealera.org\/wp-content\/uploads\/2025\/07\/10.-La-Nava-1536x1536.jpg 1536w, https:\/\/almealera.org\/wp-content\/uploads\/2025\/07\/10.-La-Nava-2048x2048.jpg 2048w\" sizes=\"(max-width: 2480px) 100vw, 2480px\" \/><\/a>\n\t\t\t<\/dt><\/dl><dl class='gallery-item'>\n\t\t\t<dt class='gallery-icon landscape'>\n\t\t\t\t<a data-elementor-open-lightbox=\"yes\" data-elementor-lightbox-slideshow=\"e6b5ded\" data-elementor-lightbox-title=\"7. El tel\u00e9fono p\u00fablico\" data-e-action-hash=\"#elementor-action%3Aaction%3Dlightbox%26settings%3DeyJpZCI6MjI5MSwidXJsIjoiaHR0cHM6XC9cL2FsbWVhbGVyYS5vcmdcL3dwLWNvbnRlbnRcL3VwbG9hZHNcLzIwMjVcLzA3XC83Li1FbC10ZWxlZm9uby1wdWJsaWNvLmpwZyIsInNsaWRlc2hvdyI6ImU2YjVkZWQifQ%3D%3D\" href='https:\/\/almealera.org\/wp-content\/uploads\/2025\/07\/7.-El-telefono-publico.jpg'><img loading=\"lazy\" decoding=\"async\" width=\"2480\" height=\"2480\" src=\"https:\/\/almealera.org\/wp-content\/uploads\/2025\/07\/7.-El-telefono-publico.jpg\" class=\"attachment-full size-full\" alt=\"\" srcset=\"https:\/\/almealera.org\/wp-content\/uploads\/2025\/07\/7.-El-telefono-publico.jpg 2480w, https:\/\/almealera.org\/wp-content\/uploads\/2025\/07\/7.-El-telefono-publico-300x300.jpg 300w, https:\/\/almealera.org\/wp-content\/uploads\/2025\/07\/7.-El-telefono-publico-1024x1024.jpg 1024w, https:\/\/almealera.org\/wp-content\/uploads\/2025\/07\/7.-El-telefono-publico-150x150.jpg 150w\" sizes=\"(max-width: 2480px) 100vw, 2480px\" \/><\/a>\n\t\t\t<\/dt><\/dl><br style=\"clear: both\" \/>\n\t\t<\/div>\n\t\t<\/div>\n\t\t\t\t<\/div>\n\t\t\t\t<\/div>\n\t\t\t\t\t<\/div>\n\t\t\t\t<\/div>\n\t\t\t\t\t\t\t<\/div>\n\t\t","protected":false},"excerpt":{"rendered":"<p>NAVARREDONDA DE GREDOS Esta ruta de los lugares donde nos junt\u00e1bamos es una manera diferente de contar nuestro pueblo. Nace de un taller que realizamos en septiembre de 2024, durante&hellip;&nbsp;<a href=\"https:\/\/almealera.org\/index.php\/2025\/07\/07\/navaredonda-de-gredos\/\" class=\"\" rel=\"bookmark\">Leer m\u00e1s &raquo;<span class=\"screen-reader-text\">NAVAREDONDA DE GREDOS<\/span><\/a><\/p>\n","protected":false},"author":1,"featured_media":2269,"comment_status":"closed","ping_status":"closed","sticky":false,"template":"elementor_header_footer","format":"standard","meta":{"neve_meta_sidebar":"","neve_meta_container":"","neve_meta_enable_content_width":"","neve_meta_content_width":0,"neve_meta_title_alignment":"","neve_meta_author_avatar":"","neve_post_elements_order":"","neve_meta_disable_header":"","neve_meta_disable_footer":"","neve_meta_disable_title":"","_EventAllDay":false,"_EventTimezone":"","_EventStartDate":"","_EventEndDate":"","_EventStartDateUTC":"","_EventEndDateUTC":"","_EventShowMap":false,"_EventShowMapLink":false,"_EventURL":"","_EventCost":"","_EventCostDescription":"","_EventCurrencySymbol":"","_EventCurrencyCode":"","_EventCurrencyPosition":"","_EventDateTimeSeparator":"","_EventTimeRangeSeparator":"","_EventOrganizerID":[],"_EventVenueID":[],"_OrganizerEmail":"","_OrganizerPhone":"","_OrganizerWebsite":"","_VenueAddress":"","_VenueCity":"","_VenueCountry":"","_VenueProvince":"","_VenueState":"","_VenueZip":"","_VenuePhone":"","_VenueURL":"","_VenueStateProvince":"","_VenueLat":"","_VenueLng":"","_VenueShowMap":false,"_VenueShowMapLink":false,"footnotes":""},"categories":[1],"tags":[16],"class_list":["post-2263","post","type-post","status-publish","format-standard","has-post-thumbnail","hentry","category-sin-categoria","tag-mapas"],"yoast_head":"<!-- This site is optimized with the Yoast SEO plugin v27.5 - https:\/\/yoast.com\/product\/yoast-seo-wordpress\/ -->\n<title>NAVAREDONDA DE GREDOS | Almealera<\/title>\n<meta name=\"robots\" content=\"noindex, follow\" \/>\n<meta property=\"og:locale\" content=\"es_ES\" \/>\n<meta property=\"og:type\" content=\"article\" \/>\n<meta property=\"og:title\" content=\"NAVAREDONDA DE GREDOS | Almealera\" \/>\n<meta property=\"og:description\" content=\"NAVARREDONDA DE GREDOS Esta ruta de los lugares donde nos junt\u00e1bamos es una manera diferente de contar nuestro pueblo. Nace de un taller que realizamos en septiembre de 2024, durante&hellip;&nbsp;Leer m\u00e1s &raquo;NAVAREDONDA DE GREDOS\" \/>\n<meta property=\"og:url\" content=\"https:\/\/almealera.org\/index.php\/2025\/07\/07\/navaredonda-de-gredos\/\" \/>\n<meta property=\"og:site_name\" content=\"Almealera\" \/>\n<meta property=\"article:published_time\" content=\"2025-07-07T11:22:36+00:00\" \/>\n<meta property=\"article:modified_time\" content=\"2025-07-07T12:13:23+00:00\" \/>\n<meta property=\"og:image\" content=\"http:\/\/almealera.org\/wp-content\/uploads\/2025\/07\/MURAL-NAVARREDONDA.jpg\" \/>\n\t<meta property=\"og:image:width\" content=\"1\" \/>\n\t<meta property=\"og:image:height\" content=\"1\" \/>\n\t<meta property=\"og:image:type\" content=\"image\/jpeg\" \/>\n<meta name=\"author\" content=\"admin3850\" \/>\n<meta name=\"twitter:card\" content=\"summary_large_image\" \/>\n<meta name=\"twitter:label1\" content=\"Escrito por\" \/>\n\t<meta name=\"twitter:data1\" content=\"admin3850\" \/>\n\t<meta name=\"twitter:label2\" content=\"Tiempo de lectura\" \/>\n\t<meta name=\"twitter:data2\" content=\"2 minutos\" \/>\n<script type=\"application\/ld+json\" class=\"yoast-schema-graph\">{\"@context\":\"https:\\\/\\\/schema.org\",\"@graph\":[{\"@type\":\"Article\",\"@id\":\"https:\\\/\\\/almealera.org\\\/index.php\\\/2025\\\/07\\\/07\\\/navaredonda-de-gredos\\\/#article\",\"isPartOf\":{\"@id\":\"https:\\\/\\\/almealera.org\\\/index.php\\\/2025\\\/07\\\/07\\\/navaredonda-de-gredos\\\/\"},\"author\":{\"name\":\"admin3850\",\"@id\":\"https:\\\/\\\/almealera.org\\\/#\\\/schema\\\/person\\\/4374a842f206ec7002e88f538f3f4ee6\"},\"headline\":\"NAVAREDONDA DE GREDOS\",\"datePublished\":\"2025-07-07T11:22:36+00:00\",\"dateModified\":\"2025-07-07T12:13:23+00:00\",\"mainEntityOfPage\":{\"@id\":\"https:\\\/\\\/almealera.org\\\/index.php\\\/2025\\\/07\\\/07\\\/navaredonda-de-gredos\\\/\"},\"wordCount\":132,\"publisher\":{\"@id\":\"https:\\\/\\\/almealera.org\\\/#organization\"},\"image\":{\"@id\":\"https:\\\/\\\/almealera.org\\\/index.php\\\/2025\\\/07\\\/07\\\/navaredonda-de-gredos\\\/#primaryimage\"},\"thumbnailUrl\":\"https:\\\/\\\/almealera.org\\\/wp-content\\\/uploads\\\/2025\\\/07\\\/MURAL-NAVARREDONDA.jpg\",\"keywords\":[\"MAPAS\"],\"inLanguage\":\"es\"},{\"@type\":\"WebPage\",\"@id\":\"https:\\\/\\\/almealera.org\\\/index.php\\\/2025\\\/07\\\/07\\\/navaredonda-de-gredos\\\/\",\"url\":\"https:\\\/\\\/almealera.org\\\/index.php\\\/2025\\\/07\\\/07\\\/navaredonda-de-gredos\\\/\",\"name\":\"NAVAREDONDA DE GREDOS | Almealera\",\"isPartOf\":{\"@id\":\"https:\\\/\\\/almealera.org\\\/#website\"},\"primaryImageOfPage\":{\"@id\":\"https:\\\/\\\/almealera.org\\\/index.php\\\/2025\\\/07\\\/07\\\/navaredonda-de-gredos\\\/#primaryimage\"},\"image\":{\"@id\":\"https:\\\/\\\/almealera.org\\\/index.php\\\/2025\\\/07\\\/07\\\/navaredonda-de-gredos\\\/#primaryimage\"},\"thumbnailUrl\":\"https:\\\/\\\/almealera.org\\\/wp-content\\\/uploads\\\/2025\\\/07\\\/MURAL-NAVARREDONDA.jpg\",\"datePublished\":\"2025-07-07T11:22:36+00:00\",\"dateModified\":\"2025-07-07T12:13:23+00:00\",\"breadcrumb\":{\"@id\":\"https:\\\/\\\/almealera.org\\\/index.php\\\/2025\\\/07\\\/07\\\/navaredonda-de-gredos\\\/#breadcrumb\"},\"inLanguage\":\"es\",\"potentialAction\":[{\"@type\":\"ReadAction\",\"target\":[\"https:\\\/\\\/almealera.org\\\/index.php\\\/2025\\\/07\\\/07\\\/navaredonda-de-gredos\\\/\"]}]},{\"@type\":\"ImageObject\",\"inLanguage\":\"es\",\"@id\":\"https:\\\/\\\/almealera.org\\\/index.php\\\/2025\\\/07\\\/07\\\/navaredonda-de-gredos\\\/#primaryimage\",\"url\":\"https:\\\/\\\/almealera.org\\\/wp-content\\\/uploads\\\/2025\\\/07\\\/MURAL-NAVARREDONDA.jpg\",\"contentUrl\":\"https:\\\/\\\/almealera.org\\\/wp-content\\\/uploads\\\/2025\\\/07\\\/MURAL-NAVARREDONDA.jpg\"},{\"@type\":\"BreadcrumbList\",\"@id\":\"https:\\\/\\\/almealera.org\\\/index.php\\\/2025\\\/07\\\/07\\\/navaredonda-de-gredos\\\/#breadcrumb\",\"itemListElement\":[{\"@type\":\"ListItem\",\"position\":1,\"name\":\"Inicio\",\"item\":\"https:\\\/\\\/almealera.org\\\/\"},{\"@type\":\"ListItem\",\"position\":2,\"name\":\"Sin categor\u00eda\",\"item\":\"https:\\\/\\\/almealera.org\\\/index.php\\\/category\\\/sin-categoria\\\/\"},{\"@type\":\"ListItem\",\"position\":3,\"name\":\"NAVAREDONDA DE GREDOS\"}]},{\"@type\":\"WebSite\",\"@id\":\"https:\\\/\\\/almealera.org\\\/#website\",\"url\":\"https:\\\/\\\/almealera.org\\\/\",\"name\":\"Almealera\",\"description\":\"almealera [construcci\u00f3n circular de piedra que sirve para guardar el heno] Es una iniciativa de creaci\u00f3n art\u00edstica con y desde las comunidades y los territorios, impulsada por Laura Santos en Navacepedilla de Corneja, \u00c1vila, y se mueve en territorios rurales y urbanos.\",\"publisher\":{\"@id\":\"https:\\\/\\\/almealera.org\\\/#organization\"},\"potentialAction\":[{\"@type\":\"SearchAction\",\"target\":{\"@type\":\"EntryPoint\",\"urlTemplate\":\"https:\\\/\\\/almealera.org\\\/?s={search_term_string}\"},\"query-input\":{\"@type\":\"PropertyValueSpecification\",\"valueRequired\":true,\"valueName\":\"search_term_string\"}}],\"inLanguage\":\"es\"},{\"@type\":\"Organization\",\"@id\":\"https:\\\/\\\/almealera.org\\\/#organization\",\"name\":\"Almealera\",\"url\":\"https:\\\/\\\/almealera.org\\\/\",\"logo\":{\"@type\":\"ImageObject\",\"inLanguage\":\"es\",\"@id\":\"https:\\\/\\\/almealera.org\\\/#\\\/schema\\\/logo\\\/image\\\/\",\"url\":\"https:\\\/\\\/almealera.org\\\/wp-content\\\/uploads\\\/2023\\\/12\\\/Almealera_negro_centrado.png\",\"contentUrl\":\"https:\\\/\\\/almealera.org\\\/wp-content\\\/uploads\\\/2023\\\/12\\\/Almealera_negro_centrado.png\",\"width\":1920,\"height\":1081,\"caption\":\"Almealera\"},\"image\":{\"@id\":\"https:\\\/\\\/almealera.org\\\/#\\\/schema\\\/logo\\\/image\\\/\"},\"sameAs\":[\"https:\\\/\\\/www.instagram.com\\\/almealera\\\/\"]},{\"@type\":\"Person\",\"@id\":\"https:\\\/\\\/almealera.org\\\/#\\\/schema\\\/person\\\/4374a842f206ec7002e88f538f3f4ee6\",\"name\":\"admin3850\",\"image\":{\"@type\":\"ImageObject\",\"inLanguage\":\"es\",\"@id\":\"https:\\\/\\\/secure.gravatar.com\\\/avatar\\\/2b34963f1c0c240dd6e338c5d9afb05df006659bf9e84e292ce33cff922f437c?s=96&d=mm&r=g\",\"url\":\"https:\\\/\\\/secure.gravatar.com\\\/avatar\\\/2b34963f1c0c240dd6e338c5d9afb05df006659bf9e84e292ce33cff922f437c?s=96&d=mm&r=g\",\"contentUrl\":\"https:\\\/\\\/secure.gravatar.com\\\/avatar\\\/2b34963f1c0c240dd6e338c5d9afb05df006659bf9e84e292ce33cff922f437c?s=96&d=mm&r=g\",\"caption\":\"admin3850\"},\"sameAs\":[\"http:\\\/\\\/almealera.org\"],\"url\":\"https:\\\/\\\/almealera.org\\\/index.php\\\/author\\\/admin3850\\\/\"}]}<\/script>\n<!-- \/ Yoast SEO plugin. -->","yoast_head_json":{"title":"NAVAREDONDA DE GREDOS | Almealera","robots":{"index":"noindex","follow":"follow"},"og_locale":"es_ES","og_type":"article","og_title":"NAVAREDONDA DE GREDOS | Almealera","og_description":"NAVARREDONDA DE GREDOS Esta ruta de los lugares donde nos junt\u00e1bamos es una manera diferente de contar nuestro pueblo. Nace de un taller que realizamos en septiembre de 2024, durante&hellip;&nbsp;Leer m\u00e1s &raquo;NAVAREDONDA DE GREDOS","og_url":"https:\/\/almealera.org\/index.php\/2025\/07\/07\/navaredonda-de-gredos\/","og_site_name":"Almealera","article_published_time":"2025-07-07T11:22:36+00:00","article_modified_time":"2025-07-07T12:13:23+00:00","og_image":[{"url":"http:\/\/almealera.org\/wp-content\/uploads\/2025\/07\/MURAL-NAVARREDONDA.jpg","width":1,"height":1,"type":"image\/jpeg"}],"author":"admin3850","twitter_card":"summary_large_image","twitter_misc":{"Escrito por":"admin3850","Tiempo de lectura":"2 minutos"},"schema":{"@context":"https:\/\/schema.org","@graph":[{"@type":"Article","@id":"https:\/\/almealera.org\/index.php\/2025\/07\/07\/navaredonda-de-gredos\/#article","isPartOf":{"@id":"https:\/\/almealera.org\/index.php\/2025\/07\/07\/navaredonda-de-gredos\/"},"author":{"name":"admin3850","@id":"https:\/\/almealera.org\/#\/schema\/person\/4374a842f206ec7002e88f538f3f4ee6"},"headline":"NAVAREDONDA DE GREDOS","datePublished":"2025-07-07T11:22:36+00:00","dateModified":"2025-07-07T12:13:23+00:00","mainEntityOfPage":{"@id":"https:\/\/almealera.org\/index.php\/2025\/07\/07\/navaredonda-de-gredos\/"},"wordCount":132,"publisher":{"@id":"https:\/\/almealera.org\/#organization"},"image":{"@id":"https:\/\/almealera.org\/index.php\/2025\/07\/07\/navaredonda-de-gredos\/#primaryimage"},"thumbnailUrl":"https:\/\/almealera.org\/wp-content\/uploads\/2025\/07\/MURAL-NAVARREDONDA.jpg","keywords":["MAPAS"],"inLanguage":"es"},{"@type":"WebPage","@id":"https:\/\/almealera.org\/index.php\/2025\/07\/07\/navaredonda-de-gredos\/","url":"https:\/\/almealera.org\/index.php\/2025\/07\/07\/navaredonda-de-gredos\/","name":"NAVAREDONDA DE GREDOS | Almealera","isPartOf":{"@id":"https:\/\/almealera.org\/#website"},"primaryImageOfPage":{"@id":"https:\/\/almealera.org\/index.php\/2025\/07\/07\/navaredonda-de-gredos\/#primaryimage"},"image":{"@id":"https:\/\/almealera.org\/index.php\/2025\/07\/07\/navaredonda-de-gredos\/#primaryimage"},"thumbnailUrl":"https:\/\/almealera.org\/wp-content\/uploads\/2025\/07\/MURAL-NAVARREDONDA.jpg","datePublished":"2025-07-07T11:22:36+00:00","dateModified":"2025-07-07T12:13:23+00:00","breadcrumb":{"@id":"https:\/\/almealera.org\/index.php\/2025\/07\/07\/navaredonda-de-gredos\/#breadcrumb"},"inLanguage":"es","potentialAction":[{"@type":"ReadAction","target":["https:\/\/almealera.org\/index.php\/2025\/07\/07\/navaredonda-de-gredos\/"]}]},{"@type":"ImageObject","inLanguage":"es","@id":"https:\/\/almealera.org\/index.php\/2025\/07\/07\/navaredonda-de-gredos\/#primaryimage","url":"https:\/\/almealera.org\/wp-content\/uploads\/2025\/07\/MURAL-NAVARREDONDA.jpg","contentUrl":"https:\/\/almealera.org\/wp-content\/uploads\/2025\/07\/MURAL-NAVARREDONDA.jpg"},{"@type":"BreadcrumbList","@id":"https:\/\/almealera.org\/index.php\/2025\/07\/07\/navaredonda-de-gredos\/#breadcrumb","itemListElement":[{"@type":"ListItem","position":1,"name":"Inicio","item":"https:\/\/almealera.org\/"},{"@type":"ListItem","position":2,"name":"Sin categor\u00eda","item":"https:\/\/almealera.org\/index.php\/category\/sin-categoria\/"},{"@type":"ListItem","position":3,"name":"NAVAREDONDA DE GREDOS"}]},{"@type":"WebSite","@id":"https:\/\/almealera.org\/#website","url":"https:\/\/almealera.org\/","name":"Almealera","description":"almealera [construcci\u00f3n circular de piedra que sirve para guardar el heno] Es una iniciativa de creaci\u00f3n art\u00edstica con y desde las comunidades y los territorios, impulsada por Laura Santos en Navacepedilla de Corneja, \u00c1vila, y se mueve en territorios rurales y urbanos.","publisher":{"@id":"https:\/\/almealera.org\/#organization"},"potentialAction":[{"@type":"SearchAction","target":{"@type":"EntryPoint","urlTemplate":"https:\/\/almealera.org\/?s={search_term_string}"},"query-input":{"@type":"PropertyValueSpecification","valueRequired":true,"valueName":"search_term_string"}}],"inLanguage":"es"},{"@type":"Organization","@id":"https:\/\/almealera.org\/#organization","name":"Almealera","url":"https:\/\/almealera.org\/","logo":{"@type":"ImageObject","inLanguage":"es","@id":"https:\/\/almealera.org\/#\/schema\/logo\/image\/","url":"https:\/\/almealera.org\/wp-content\/uploads\/2023\/12\/Almealera_negro_centrado.png","contentUrl":"https:\/\/almealera.org\/wp-content\/uploads\/2023\/12\/Almealera_negro_centrado.png","width":1920,"height":1081,"caption":"Almealera"},"image":{"@id":"https:\/\/almealera.org\/#\/schema\/logo\/image\/"},"sameAs":["https:\/\/www.instagram.com\/almealera\/"]},{"@type":"Person","@id":"https:\/\/almealera.org\/#\/schema\/person\/4374a842f206ec7002e88f538f3f4ee6","name":"admin3850","image":{"@type":"ImageObject","inLanguage":"es","@id":"https:\/\/secure.gravatar.com\/avatar\/2b34963f1c0c240dd6e338c5d9afb05df006659bf9e84e292ce33cff922f437c?s=96&d=mm&r=g","url":"https:\/\/secure.gravatar.com\/avatar\/2b34963f1c0c240dd6e338c5d9afb05df006659bf9e84e292ce33cff922f437c?s=96&d=mm&r=g","contentUrl":"https:\/\/secure.gravatar.com\/avatar\/2b34963f1c0c240dd6e338c5d9afb05df006659bf9e84e292ce33cff922f437c?s=96&d=mm&r=g","caption":"admin3850"},"sameAs":["http:\/\/almealera.org"],"url":"https:\/\/almealera.org\/index.php\/author\/admin3850\/"}]}},"_links":{"self":[{"href":"https:\/\/almealera.org\/index.php\/wp-json\/wp\/v2\/posts\/2263","targetHints":{"allow":["GET"]}}],"collection":[{"href":"https:\/\/almealera.org\/index.php\/wp-json\/wp\/v2\/posts"}],"about":[{"href":"https:\/\/almealera.org\/index.php\/wp-json\/wp\/v2\/types\/post"}],"author":[{"embeddable":true,"href":"https:\/\/almealera.org\/index.php\/wp-json\/wp\/v2\/users\/1"}],"replies":[{"embeddable":true,"href":"https:\/\/almealera.org\/index.php\/wp-json\/wp\/v2\/comments?post=2263"}],"version-history":[{"count":7,"href":"https:\/\/almealera.org\/index.php\/wp-json\/wp\/v2\/posts\/2263\/revisions"}],"predecessor-version":[{"id":2301,"href":"https:\/\/almealera.org\/index.php\/wp-json\/wp\/v2\/posts\/2263\/revisions\/2301"}],"wp:featuredmedia":[{"embeddable":true,"href":"https:\/\/almealera.org\/index.php\/wp-json\/wp\/v2\/media\/2269"}],"wp:attachment":[{"href":"https:\/\/almealera.org\/index.php\/wp-json\/wp\/v2\/media?parent=2263"}],"wp:term":[{"taxonomy":"category","embeddable":true,"href":"https:\/\/almealera.org\/index.php\/wp-json\/wp\/v2\/categories?post=2263"},{"taxonomy":"post_tag","embeddable":true,"href":"https:\/\/almealera.org\/index.php\/wp-json\/wp\/v2\/tags?post=2263"}],"curies":[{"name":"wp","href":"https:\/\/api.w.org\/{rel}","templated":true}]}}